
{"id":296,"date":"2018-07-16T16:17:52","date_gmt":"2018-07-16T16:17:52","guid":{"rendered":"http:\/\/www.campanda.it\/magazine\/?p=296"},"modified":"2018-07-16T16:17:52","modified_gmt":"2018-07-16T16:17:52","slug":"piu-tranquillo-e-piu-economico-vacanze-bassa-stagione","status":"publish","type":"post","link":"https:\/\/www.campanda.it\/magazine\/piu-tranquillo-e-piu-economico-vacanze-bassa-stagione\/","title":{"rendered":"Pi\u00f9 bello, pi\u00f9 tranquillo e pi\u00f9 economico: vacanze in bassa stagione"},"content":{"rendered":"<p>Le vacanze estive costituiscono per molti l\u2019apice dell\u2019anno, il ben meritato riposo. Anche i camperisti prenotano in maggioranza il loro veicolo in estate. Ci sono per\u00f2 diversi buoni motivi per scegliere di andare invece in vacanza in autunno o in primavera. Dai colori della stagione che cambia all\u2019assenza del turismo di massa &#8211; la bassa stagione ha diverse frecce al suo arco.<\/p>\r\n\r\n<h2>Perch\u00e9 vale la pena un\u2019avventura lontano dall\u2019alta stagione<\/h2>\r\n\r\n<p>Chi voglia evitare gli inconvenienti dell&#8217;alta stagione deve considerare prima di tutto quale \u00e8 il periodo pi\u00f9 popolare per visitare il Paese di destinazione. Questo infatti varia da regione a regione e non \u00e8 detto che si concentri per forza nei mesi estivi. Nelle regioni del Sud, ad esempio, la maggior parte dei turisti arriva dopo il periodo pi\u00f9 caldo. In aree famose per gli sport invernali l&#8217;alta stagione \u00e8 naturalmente inversamente proporzionale alle alte temperature. Giorni di festa e i periodi intorno a Pasqua e Natale fanno parte normalmente dell&#8217;alta stagione. Tenendo a mente questi particolari sar\u00e0 pi\u00f9 facile pianificare una vacanza in bassa stagione.<\/p>\r\n\r\n<p>Viaggiare in questo periodo comporta infatti numerosi vantaggi. I camper a noleggio sono solitamente esauriti in fretta nell&#8217;alta stagione, mentre durante il resto dell&#8217;anno \u00e8 decisamente pi\u00f9 facile assicurarsi il camper ideale. In molti casi anche il prezzo di noleggio \u00e8 decisamente pi\u00f9 basso. Se l&#8217;intento \u00e8 risparmiare, poi, anche i campeggi e le piazzole di sosta offrono nella bassa stagione prezzi pi\u00f9 competitivi.<\/p>\r\n\r\n<figure id=\"attachment_298\" aria-describedby=\"caption-attachment-298\" style=\"width: 1200px\" class=\"wp-caption aligncenter\"><img src=\"http:\/\/www.campanda.it\/magazine\/wp-content\/uploads\/2018\/07\/Nebensaison_1.jpg\" title=\"Viaggiare in camper in autunno\" alt=\"Viaggiare in camper in autunno\" width=\"1200\" height=\"707\" class=\"size-full wp-image-298\" srcset=\"https:\/\/www.campanda.it\/magazine\/wp-content\/uploads\/2018\/07\/Nebensaison_1.jpg 1200w, https:\/\/www.campanda.it\/magazine\/wp-content\/uploads\/2018\/07\/Nebensaison_1-300x177.jpg 300w, https:\/\/www.campanda.it\/magazine\/wp-content\/uploads\/2018\/07\/Nebensaison_1-768x452.jpg 768w, https:\/\/www.campanda.it\/magazine\/wp-content\/uploads\/2018\/07\/Nebensaison_1-1024x603.jpg 1024w, https:\/\/www.campanda.it\/magazine\/wp-content\/uploads\/2018\/07\/Nebensaison_1-1000x589.jpg 1000w, https:\/\/www.campanda.it\/magazine\/wp-content\/uploads\/2018\/07\/Nebensaison_1-500x295.jpg 500w\" sizes=\"(max-width: 1200px) 100vw, 1200px\" \/><figcaption id=\"caption-attachment-298\" class=\"wp-caption-text\">Vestirsi un po\u2019 pi\u00f9 pesanti in autunno e godersi la natura solitaria<\/figcaption><\/figure>\r\n\r\n<p>Una vacanza al di fuori del tradizionale periodo di ferie \u00e8 anche molto pi\u00f9 rilassante. Le destinazioni pi\u00f9 popolari non sono pi\u00f9 prese d\u2019assalto ed \u00e8 possibile trascorrervi del tempo in piena tranquillit\u00e0. Anche il viaggio per arrivarci \u00e8 pi\u00f9 confortevole, dato che il traffico \u00e8 minore e con esso anche il rischio di fastidiose code. Una volta arrivati, le attrazioni principali possono essere visitate in tutta calma. E dato che la maggior parte dei campeggi non registrano il tutto esaurito \u00e8 anche pi\u00f9 facile effettuare una sosta spontanea.<\/p>\r\n\r\n<p>A parte questo, la maggior parte dei luoghi di destinazione si presentano anche in modo diverso nella bassa stagione: il paesaggio \u00e8 particolarmente attraente in autunno e in primavera, in molti luoghi la natura si mostra nella sua veste pi\u00f9 spettacolare. Spesso inoltre hanno luogo proprio in questo periodo manifestazioni culturali e culinarie. Questo permette di vivere la regione in un modo che non sarebbe possibile in estate.<\/p>\r\n\r\n<h2>Il risveglio della natura: vivere la primavera in camper<\/h2>\r\n\r\n<p>La primavera non profuma solamente, si manifesta anche in mille colori. Non appena si fa vedere il sole, il paesaggio comincia a fiorire. Dopo il grigio dell\u2019inverno, questa \u00e8 la stagione giusta per un viaggio in camper che riporti il colore e la gioia di vivere.<\/p>\r\n\r\n<figure id=\"attachment_299\" aria-describedby=\"caption-attachment-299\" style=\"width: 1200px\" class=\"wp-caption aligncenter\"><img src=\"http:\/\/www.campanda.it\/magazine\/wp-content\/uploads\/2018\/07\/Nebensaison_2.jpg\" title=\"Viaggiare col camper in primavera nei Paesi Bassi\" alt=\"Viaggiare col camper in primavera nei Paesi Bassi\" width=\"1200\" height=\"944\" class=\"size-full wp-image-299\" srcset=\"https:\/\/www.campanda.it\/magazine\/wp-content\/uploads\/2018\/07\/Nebensaison_2.jpg 1200w, https:\/\/www.campanda.it\/magazine\/wp-content\/uploads\/2018\/07\/Nebensaison_2-300x236.jpg 300w, https:\/\/www.campanda.it\/magazine\/wp-content\/uploads\/2018\/07\/Nebensaison_2-768x604.jpg 768w, https:\/\/www.campanda.it\/magazine\/wp-content\/uploads\/2018\/07\/Nebensaison_2-1024x806.jpg 1024w, https:\/\/www.campanda.it\/magazine\/wp-content\/uploads\/2018\/07\/Nebensaison_2-1000x787.jpg 1000w, https:\/\/www.campanda.it\/magazine\/wp-content\/uploads\/2018\/07\/Nebensaison_2-500x393.jpg 500w\" sizes=\"(max-width: 1200px) 100vw, 1200px\" \/><figcaption id=\"caption-attachment-299\" class=\"wp-caption-text\">Nei Paesi Bassi i campi di tulipani in fiore offrono una vista senza pari.<\/figcaption><\/figure>\r\n\r\n<p>Il candidato principale per un viaggio all\u2019insegna del colore in aprile o maggio sono <a href=\"https:\/\/www.campanda.it\/camper\/paesi-bassi?utm_source=magazine&#038;utm_medium=article&#038;utm_campaign=off_season_advantages\" title=\"Prenotare un camper nei Paesi Bassi\" rel=\"noopener\" target=\"_blank\">i Paesi Bassi<\/a>, visto che questo \u00e8 il periodo in cui i campi di tulipani si mostrano nel pieno del loro splendore. Da visitare assolutamente \u00e8 il Keukenhof a Lisse. Nel pi\u00f9 grande giardino del mondo si possono osservare pi\u00f9 di sette milioni di piante in fiore. Un altro highlight \u00e8 costituito dal festival dei tulipani nel Noordoostpolder. Qui \u00e8 possibile viaggiare per 100 km a fianco di meravigliosi campi di tulipani in fiore e scoprire allo stesso tempo alcuni luoghi straordinari.<\/p>\r\n\r\n<p>Senza volersi dirigere verso mete lontane, c\u2019\u00e8 molto da scoprire anche nel proprio Paese. I viaggiatori che si recassero in <a href=\"https:\/\/www.campanda.it\/camper\/toscana?utm_source=magazine&#038;utm_medium=article&#038;utm_campaign=off_season_advantages\" title=\"Prenotare un camper in Toscana\" rel=\"noopener\" target=\"_blank\">Toscana<\/a> in questo periodo potranno godersi la vista delle camelie in fiore. In marzo, infatti, queste piante originarie dell\u2019Asia fioriscono nei giardini di ville storiche immerse nel verde delle pittoresche colline di Lucca. Un evento particolare \u00e8 costituito dalla leggendaria manifestazione \u201cAntiche Camelie della Lucchesia\u201d che si svolge nel villaggio di Sant\u2019Andrea di Compito. Ancora meglio se al termine della visita si approffitta per fare una scappata anche a Firenze. Lontano dalle masse dei turisti dell\u2019alta stagione, gli edifici, i musei e le opere d\u2019arte della citt\u00e0 possono essere goduti al meglio.<\/p>\r\n\r\n<figure id=\"attachment_300\" aria-describedby=\"caption-attachment-300\" style=\"width: 1200px\" class=\"wp-caption aligncenter\"><img src=\"http:\/\/www.campanda.it\/magazine\/wp-content\/uploads\/2018\/07\/Nebensaison_3.jpg\" Title=\"Viaggiare in camper in Toscana in primavera\" alt=\"Viaggiare in camper in Toscana in primavera\" width=\"1200\" height=\"1200\" class=\"size-full wp-image-300\" srcset=\"https:\/\/www.campanda.it\/magazine\/wp-content\/uploads\/2018\/07\/Nebensaison_3.jpg 1200w, https:\/\/www.campanda.it\/magazine\/wp-content\/uploads\/2018\/07\/Nebensaison_3-150x150.jpg 150w, https:\/\/www.campanda.it\/magazine\/wp-content\/uploads\/2018\/07\/Nebensaison_3-300x300.jpg 300w, https:\/\/www.campanda.it\/magazine\/wp-content\/uploads\/2018\/07\/Nebensaison_3-768x768.jpg 768w, https:\/\/www.campanda.it\/magazine\/wp-content\/uploads\/2018\/07\/Nebensaison_3-1024x1024.jpg 1024w, https:\/\/www.campanda.it\/magazine\/wp-content\/uploads\/2018\/07\/Nebensaison_3-1000x1000.jpg 1000w, https:\/\/www.campanda.it\/magazine\/wp-content\/uploads\/2018\/07\/Nebensaison_3-500x500.jpg 500w\" sizes=\"(max-width: 1200px) 100vw, 1200px\" \/><figcaption id=\"caption-attachment-300\" class=\"wp-caption-text\">In primavera la Toscana si mostra in tutta la sua bellezza<\/figcaption><\/figure>\r\n\r\n<p>Un\u2019esperienza unica \u00e8 anche la primavera in <a href=\"https:\/\/www.campanda.fr\/camping-car?city=Provence-Alpes-C%C3%B4te%20d%27Azur&#038;countryIsoCode=FR&#038;lat=44.0144936&#038;lng=6.211643800000047&#038;region=Provence-Alpes-C%C3%B4te%20d%27Azur&#038;utm_source=magazine&#038;utm_medium=article&#038;utm_campaign=off_season_advantages\" title=\"Prenotare un camper in Provenza\" rel=\"noopener\" target=\"_blank\">Provenza<\/a>. Questa regione, che solitamente si associa alle immagini dei campi di lavanda in fiore, si orna invece in questo periodo del colore giall dei fiori di colza. Accanto ai campi di colza recintati dai cipressi si estendono prati di un verde brillante, campi di papaveri rossi e alberi da frutta in fiore. Anche se le temperature in questo periodo superano spesso i 20 gradi, ci sono pochissimi turisti in giro. I visitatori possono quindi godersi indisturbati i paesaggi idilliaci, passeggiare nei tranquilli villaggi e apprezzare la cucina locale.<\/p>\r\n\r\n<h2>Godersi l\u2019autunno dorato<\/h2>\r\n\r\n<p>Mentre la primavera brilla in un&#8217;esplosione di colori, l&#8217;autunno riveste la natura in caldi toni rosso-gialli. L&#8217;odore di terra si spande nell&#8217;aria e un&#8217;atmosfera romantica e misteriosa avvolge il paesaggio nella luce bassa del sole e in un&#8217;occasionale nebbia. Per i camperisti sono particolarmente interessanti in questo periodo, che coincide con quello della vendemmia, le strade del vino. Lungo questi percorsi \u00e8 possibile visitare sagre del vino, assaggiare specialit\u00e0 stagionali e intraprendere camminate immersi nell&#8217;atmosfera autunnale.<\/p>\r\n\r\n<p>In Germania una delle destinazioni pi\u00f9 belle \u00e8 costituita dal <a href=\"https:\/\/www.campanda.it\/camper\/germania?city=Renania-Palatinato&#038;countryIsoCode=DE&#038;lat=50.118346&#038;lng=7.308952699999963&#038;region=Renania-Palatinato&#038;where=Rheinland-Pfalz&#038;utm_source=magazine&#038;utm_medium=article&#038;utm_campaign=off_season_advantages\" title=\"Prenotare un camper nel Palatinato\" rel=\"noopener\" target=\"_blank\">Palatinato<\/a>. La strada dei vini si snoda tra vigneti pittoreschi e luoghi affascinanti. Una volta in viaggio \u00e8 possibile visitare diverse feste della vendemmia, godere dell&#8217;ospitalit\u00e0 locale e assaggiare golose specialit\u00e0 locali di funghi e castagne nelle confortevoli osterie. Il paesaggio autunnale si lascia ammirare durante passeggiate nei boschi o tra i vigneti. Dormire \u00e8 quasi sempre possibile direttamente sul posto, dato che oltre 100 produttori offrono piazzole di sosta per camper nei loro cortili.<\/p>\r\n\r\n<figure id=\"attachment_301\" aria-describedby=\"caption-attachment-301\" style=\"width: 1480px\" class=\"wp-caption aligncenter\"><img src=\"http:\/\/www.campanda.it\/magazine\/wp-content\/uploads\/2018\/07\/Nebensaison_4.jpg\" title=\"Fare un percorso culinario in Francia in camper\" alt=\"Fare un percorso culinario in Francia in camper\" width=\"1480\" height=\"1155\" class=\"size-full wp-image-301\" srcset=\"https:\/\/www.campanda.it\/magazine\/wp-content\/uploads\/2018\/07\/Nebensaison_4.jpg 1480w, https:\/\/www.campanda.it\/magazine\/wp-content\/uploads\/2018\/07\/Nebensaison_4-300x234.jpg 300w, https:\/\/www.campanda.it\/magazine\/wp-content\/uploads\/2018\/07\/Nebensaison_4-768x599.jpg 768w, https:\/\/www.campanda.it\/magazine\/wp-content\/uploads\/2018\/07\/Nebensaison_4-1024x799.jpg 1024w, https:\/\/www.campanda.it\/magazine\/wp-content\/uploads\/2018\/07\/Nebensaison_4-1000x780.jpg 1000w, https:\/\/www.campanda.it\/magazine\/wp-content\/uploads\/2018\/07\/Nebensaison_4-500x390.jpg 500w, https:\/\/www.campanda.it\/magazine\/wp-content\/uploads\/2018\/07\/Nebensaison_4-1400x1093.jpg 1400w\" sizes=\"(max-width: 1480px) 100vw, 1480px\" \/><figcaption id=\"caption-attachment-301\" class=\"wp-caption-text\">Formaggio e vino: due delle attrazioni principali della Francia.<\/figcaption><\/figure>\r\n\r\n<p>Un po\u2019 pi\u00f9 a sud si snoda la strada del vino alsaziana. La route des vins non \u00e8 considerata senza motivo la regina tra le strade dei vini. Per 170 km serpeggia tra borghi medievali e meravigliosi vigneti, attraversando villaggi idilliaci e cittadine dalle case a graticcio adornate di fiori. Numerose cantine invitano ad un assaggio e in molti luoghi hanno luogo le tradizionali feste della vendemmia. Particolarmente interessante per gli amanti del vino: lungo il percorso sono situati 51 siti che si possono fregiare del titolo di Grand Cru &#8211; qua vengono prodotti vini particolarmente pregiati ed autentici.<\/p>\r\n\r\n<h2>Prolungare l\u2019estate<\/h2>\r\n\r\n<p>Chi non si trova a suo agio in autunno pu\u00f2 sempre rincorrere il sole dell\u2019estate tra settembre e novembre. In tutta la zona del Mediterraneo \u00e8 possibile in autunno continuare a godersi il sole, rilassarsi in spiaggia con la tipica voglia di vivere mediterranea, senza la frenesia dell\u2019alta stagione. Una doppia porzione d\u2019estate in un anno solo!<\/p>\r\n\r\n<figure id=\"attachment_302\" aria-describedby=\"caption-attachment-302\" style=\"width: 1200px\" class=\"wp-caption aligncenter\"><img src=\"http:\/\/www.campanda.it\/magazine\/wp-content\/uploads\/2018\/07\/Nebensaison_5.jpg\" title=\"alla scoperta della Provenza in camper\" alt=\"alla scoperta della Provenza in camper\" width=\"1200\" height=\"800\" class=\"size-full wp-image-302\" srcset=\"https:\/\/www.campanda.it\/magazine\/wp-content\/uploads\/2018\/07\/Nebensaison_5.jpg 1200w, https:\/\/www.campanda.it\/magazine\/wp-content\/uploads\/2018\/07\/Nebensaison_5-300x200.jpg 300w, https:\/\/www.campanda.it\/magazine\/wp-content\/uploads\/2018\/07\/Nebensaison_5-768x512.jpg 768w, https:\/\/www.campanda.it\/magazine\/wp-content\/uploads\/2018\/07\/Nebensaison_5-1024x683.jpg 1024w, https:\/\/www.campanda.it\/magazine\/wp-content\/uploads\/2018\/07\/Nebensaison_5-1000x667.jpg 1000w, https:\/\/www.campanda.it\/magazine\/wp-content\/uploads\/2018\/07\/Nebensaison_5-500x334.jpg 500w\" sizes=\"(max-width: 1200px) 100vw, 1200px\" \/><figcaption id=\"caption-attachment-302\" class=\"wp-caption-text\">Gordes nella Provenza ammalia anche in bassa stagione.<\/figcaption><\/figure>\r\n\r\n<p><a href=\"https:\/\/www.campanda.it\/camper\/sardegna?utm_source=magazine&#038;utm_medium=article&#038;utm_campaign=off_season_advantages\" title=\"Prenotare un camper in Sardegna\" rel=\"noopener\" target=\"_blank\">La Sardegna<\/a> offre ad esempio le condizioni giuste per un viaggio in tarda estate. Il gran caldo \u00e8 passato, ma con temperature attorno ai 25 gradi non \u00e8 un problema fare il bagno in mare. Il tempo \u00e8 perfetto anche per altre attivit\u00e0, come ad esempio visitare citt\u00e0, compiere escursioni o arrampicare. Quest&#8217;isola ricca di zone incontaminate \u00e8 un vero paradiso per camperisti: strade spettacolari lungo la costa, baie isolate e impressionanti scogliere sapranno meravigliarsi ad ogni punto del viaggio.<\/p>\r\n\r\n<p>Godere di una dose extra di estate \u00e8 possibile anche in <a href=\"https:\/\/www.campanda.it\/camper\/portogallo?city=Distretto%20di%20Faro&#038;countryIsoCode=PT&#038;lat=37.0179538&#038;lng=-7.930834000000004&#038;region=Distretto%20di%20Faro&#038;utm_source=magazine&#038;utm_medium=article&#038;utm_campaign=off_season_advantages\" title=\"Prenotare un camper nell\u2019Algarv\" rel=\"noopener\" target=\"_blank\">Algarve<\/a>. La regione costiera nel sud del Portogallo pu\u00f2 vantare non solo il maggior numero di giorni di sole in tutta Europa, ma anche spiagge da sogno, affascinanti formazioni rocciose e meravigliosi parchi naturali. In camper \u00e8 possibile viaggiare lungo la costa seguendo i propri desideri, andare alla scoperta di cittadine portuali e delle montagne dell&#8217;interno.<\/p>\r\n\r\n<figure id=\"attachment_303\" aria-describedby=\"caption-attachment-303\" style=\"width: 1280px\" class=\"wp-caption aligncenter\"><img src=\"http:\/\/www.campanda.it\/magazine\/wp-content\/uploads\/2018\/07\/Nebensaison_6.jpg\" title=\"In camper verso la Spagna\" alt=\"In camper verso la Spagna\" width=\"1280\" height=\"705\" class=\"size-full wp-image-303\" srcset=\"https:\/\/www.campanda.it\/magazine\/wp-content\/uploads\/2018\/07\/Nebensaison_6.jpg 1280w, https:\/\/www.campanda.it\/magazine\/wp-content\/uploads\/2018\/07\/Nebensaison_6-300x165.jpg 300w, https:\/\/www.campanda.it\/magazine\/wp-content\/uploads\/2018\/07\/Nebensaison_6-768x423.jpg 768w, https:\/\/www.campanda.it\/magazine\/wp-content\/uploads\/2018\/07\/Nebensaison_6-1024x564.jpg 1024w, https:\/\/www.campanda.it\/magazine\/wp-content\/uploads\/2018\/07\/Nebensaison_6-1000x551.jpg 1000w, https:\/\/www.campanda.it\/magazine\/wp-content\/uploads\/2018\/07\/Nebensaison_6-500x275.jpg 500w\" sizes=\"(max-width: 1280px) 100vw, 1280px\" \/><figcaption id=\"caption-attachment-303\" class=\"wp-caption-text\">Sulle spiagge dell\u2019Andalusia si pu\u00f2 godersi a lungo l\u2019estate<\/figcaption><\/figure>\r\n\r\n<p>Gli amanti del sole trovano di che gioire in <a href=\"https:\/\/www.campanda.it\/camper\/spagna\/andalusia?utm_source=magazine&#038;utm_medium=article&#038;utm_campaign=off_season_advantages\" title=\"Prenotare un camper in Andalusia\" rel=\"noopener\" target=\"_blank\">Andalusia<\/a> anche nella bassa stagione. In settembre ed ottobre le temperature variano ancora tra 22 e 30 gradi &#8211; condizioni perfette per oziare sulla Costa del Sol e intraprendere <a href=\"https:\/\/www.campanda.it\/magazine\/inseguendo-il-sole-bordo-del-camper-alla-scoperta-dellandalusia\/\" rel=\"noopener\" target=\"_blank\">un viaggio attraverso la regione<\/a>, alla scoperta dei famosi Pueblos Blancos e di citt\u00e0 come Siviglia, Granada e Cordoba. Specialmente in autunno si presentano molte occasioni per prendere parte alle tipiche festivit\u00e0 dell\u2019Andalusia. Tra quelle pi\u00f9 rinomate figurano la festa del vino a Jerez de la Frontera, la Feria de San Lucas a Ja\u00e9n e il festival jazz a M\u00e1laga. \u00a1Ol\u00e9!<\/p>\r\n\r\n<p>Che si voglia esplorare in maniera pi\u00f9 autentica e rilassata luoghi ambiti dai turisti o provare sensazioni indimenticabili lungo profumati campi in fiore: i motivi e i vantaggi per intraprendere <a href=\"https:\/\/www.campanda.it\/?utm_source=magazine&#038;utm_medium=article&#038;utm_campaign=off_season_advantages\" title=\"Prenotare un camper con Campanda\" rel=\"noopener\" target=\"_blank\">un viaggio in camper in bassa stagione<\/a> sono molteplici. Grazie a Campanda, trovare il giusto camper per quest\u2019impresa non \u00e8 pi\u00f9 un problema!<\/p>\r\n<div style=\"display: none;\"\n    class=\"kk-star-ratings kksr-valign-bottom kksr-align-right kksr-disabled\"\n    data-id=\"296\"\n    data-slug=\"\">\n    <div class=\"kksr-stars\">\n    <div class=\"kksr-stars-inactive\">\n            <div class=\"kksr-star\" data-star=\"1\">\n            <div class=\"kksr-icon\" style=\"width: px; height: px;\"><\/div>\n        <\/div>\n            <div class=\"kksr-star\" data-star=\"2\">\n            <div class=\"kksr-icon\" style=\"width: px; height: px;\"><\/div>\n        <\/div>\n            <div class=\"kksr-star\" data-star=\"3\">\n            <div class=\"kksr-icon\" style=\"width: px; height: px;\"><\/div>\n        <\/div>\n            <div class=\"kksr-star\" data-star=\"4\">\n            <div class=\"kksr-icon\" style=\"width: px; height: px;\"><\/div>\n        <\/div>\n            <div class=\"kksr-star\" data-star=\"5\">\n            <div class=\"kksr-icon\" style=\"width: px; height: px;\"><\/div>\n        <\/div>\n    <\/div>\n    <div class=\"kksr-stars-active\" style=\"width: 0px;\">\n            <div class=\"kksr-star\">\n            <div class=\"kksr-icon\" style=\"width: px; height: px;\"><\/div>\n        <\/div>\n            <div class=\"kksr-star\">\n            <div class=\"kksr-icon\" style=\"width: px; height: px;\"><\/div>\n        <\/div>\n            <div class=\"kksr-star\">\n            <div class=\"kksr-icon\" style=\"width: px; height: px;\"><\/div>\n        <\/div>\n            <div class=\"kksr-star\">\n            <div class=\"kksr-icon\" style=\"width: px; height: px;\"><\/div>\n        <\/div>\n            <div class=\"kksr-star\">\n            <div class=\"kksr-icon\" style=\"width: px; height: px;\"><\/div>\n        <\/div>\n    <\/div>\n<\/div>\n    <div class=\"kksr-legend\">\n            <strong class=\"kksr-score\">5<\/strong>\n        <span class=\"kksr-muted\">\/<\/span>\n        <strong>5<\/strong>\n        <span class=\"kksr-muted\">(<\/span>\n        <strong class=\"kksr-count\">1<\/strong>\n        <span class=\"kksr-muted\">\n            vote        <\/span>\n        <span class=\"kksr-muted\">)<\/span>\n    <\/div>\n<\/div>\n","protected":false},"excerpt":{"rendered":"<p>Le vacanze estive costituiscono per molti l\u2019apice dell\u2019anno, il ben meritato riposo. Anche i camperisti prenotano in maggioranza il loro veicolo in estate. Ci sono per\u00f2 diversi buoni motivi per scegliere di andare invece in vacanza in autunno o in primavera. Dai colori della stagione che cambia all\u2019assenza del turismo di massa &#8211; la bassa&#8230; <span class=\"more\"><a class=\"more-link\" href=\"https:\/\/www.campanda.it\/magazine\/piu-tranquillo-e-piu-economico-vacanze-bassa-stagione\/\">Continue reading <span class=\"meta-nav\">&#8594;<\/span><\/a><\/span><\/p>\n","protected":false},"author":12,"featured_media":304,"comment_status":"open","ping_status":"open","sticky":false,"template":"","format":"standard","meta":[],"categories":[12,10],"tags":[21,24],"yoast_head":"<!-- This site is optimized with the Yoast SEO plugin v16.3 - https:\/\/yoast.com\/wordpress\/plugins\/seo\/ -->\n<meta name=\"description\" content=\"La bassa stagione offre prezzi pi\u00f9 bassi per l\u2019affitto del camper non affollati. Vi sveliamo alcuni motivi per compiere un viaggio in primavera e autunno.\" \/>\n<meta name=\"robots\" content=\"index, follow, max-snippet:-1, max-image-preview:large, max-video-preview:-1\" \/>\n<link rel=\"canonical\" href=\"https:\/\/www.campanda.it\/magazine\/piu-tranquillo-e-piu-economico-vacanze-bassa-stagione\/\" \/>\n<meta property=\"og:locale\" content=\"it_IT\" \/>\n<meta property=\"og:type\" content=\"article\" \/>\n<meta property=\"og:title\" content=\"Pi\u00f9 bello, pi\u00f9 tranquillo e pi\u00f9 economico: vacanze in bassa stagione - Campanda Magazine\" \/>\n<meta property=\"og:description\" content=\"La bassa stagione offre prezzi pi\u00f9 bassi per l\u2019affitto del camper non affollati. Vi sveliamo alcuni motivi per compiere un viaggio in primavera e autunno.\" \/>\n<meta property=\"og:url\" content=\"https:\/\/www.campanda.it\/magazine\/piu-tranquillo-e-piu-economico-vacanze-bassa-stagione\/\" \/>\n<meta property=\"og:site_name\" content=\"Campanda Magazine\" \/>\n<meta property=\"article:published_time\" content=\"2018-07-16T16:17:52+00:00\" \/>\n<meta property=\"og:image\" content=\"http:\/\/www.campanda.it\/magazine\/wp-content\/uploads\/2018\/07\/Nebesaison_header.jpg\" \/>\n\t<meta property=\"og:image:width\" content=\"1200\" \/>\n\t<meta property=\"og:image:height\" content=\"800\" \/>\n<meta name=\"twitter:card\" content=\"summary\" \/>\n<meta name=\"twitter:label1\" content=\"Est. reading time\">\n\t<meta name=\"twitter:data1\" content=\"7 minutes\">\n<script type=\"application\/ld+json\" class=\"yoast-schema-graph\">{\"@context\":\"https:\/\/schema.org\",\"@graph\":[{\"@type\":\"WebSite\",\"@id\":\"https:\/\/www.campanda.it\/magazine\/#website\",\"url\":\"https:\/\/www.campanda.it\/magazine\/\",\"name\":\"Campanda Magazine\",\"description\":\"Your destination for news about RVs, motorhomes, trailers and camping around the world\",\"potentialAction\":[{\"@type\":\"SearchAction\",\"target\":\"https:\/\/www.campanda.it\/magazine\/?s={search_term_string}\",\"query-input\":\"required name=search_term_string\"}],\"inLanguage\":\"it-IT\"},{\"@type\":\"ImageObject\",\"@id\":\"https:\/\/www.campanda.it\/magazine\/piu-tranquillo-e-piu-economico-vacanze-bassa-stagione\/#primaryimage\",\"inLanguage\":\"it-IT\",\"url\":\"https:\/\/www.campanda.it\/magazine\/wp-content\/uploads\/2018\/07\/Nebesaison_header.jpg\",\"contentUrl\":\"https:\/\/www.campanda.it\/magazine\/wp-content\/uploads\/2018\/07\/Nebesaison_header.jpg\",\"width\":1200,\"height\":800},{\"@type\":\"WebPage\",\"@id\":\"https:\/\/www.campanda.it\/magazine\/piu-tranquillo-e-piu-economico-vacanze-bassa-stagione\/#webpage\",\"url\":\"https:\/\/www.campanda.it\/magazine\/piu-tranquillo-e-piu-economico-vacanze-bassa-stagione\/\",\"name\":\"Pi\\u00f9 bello, pi\\u00f9 tranquillo e pi\\u00f9 economico: vacanze in bassa stagione - Campanda Magazine\",\"isPartOf\":{\"@id\":\"https:\/\/www.campanda.it\/magazine\/#website\"},\"primaryImageOfPage\":{\"@id\":\"https:\/\/www.campanda.it\/magazine\/piu-tranquillo-e-piu-economico-vacanze-bassa-stagione\/#primaryimage\"},\"datePublished\":\"2018-07-16T16:17:52+00:00\",\"dateModified\":\"2018-07-16T16:17:52+00:00\",\"author\":{\"@id\":\"https:\/\/www.campanda.it\/magazine\/#\/schema\/person\/246148b20c58b8db8b35e581988f003e\"},\"description\":\"La bassa stagione offre prezzi pi\\u00f9 bassi per l\\u2019affitto del camper non affollati. Vi sveliamo alcuni motivi per compiere un viaggio in primavera e autunno.\",\"breadcrumb\":{\"@id\":\"https:\/\/www.campanda.it\/magazine\/piu-tranquillo-e-piu-economico-vacanze-bassa-stagione\/#breadcrumb\"},\"inLanguage\":\"it-IT\",\"potentialAction\":[{\"@type\":\"ReadAction\",\"target\":[\"https:\/\/www.campanda.it\/magazine\/piu-tranquillo-e-piu-economico-vacanze-bassa-stagione\/\"]}]},{\"@type\":\"BreadcrumbList\",\"@id\":\"https:\/\/www.campanda.it\/magazine\/piu-tranquillo-e-piu-economico-vacanze-bassa-stagione\/#breadcrumb\",\"itemListElement\":[{\"@type\":\"ListItem\",\"position\":1,\"item\":{\"@type\":\"WebPage\",\"@id\":\"https:\/\/www.campanda.it\/magazine\/\",\"url\":\"https:\/\/www.campanda.it\/magazine\/\",\"name\":\"Home\"}},{\"@type\":\"ListItem\",\"position\":2,\"item\":{\"@id\":\"https:\/\/www.campanda.it\/magazine\/piu-tranquillo-e-piu-economico-vacanze-bassa-stagione\/#webpage\"}}]},{\"@type\":\"Person\",\"@id\":\"https:\/\/www.campanda.it\/magazine\/#\/schema\/person\/246148b20c58b8db8b35e581988f003e\",\"name\":\"Redaktion\",\"image\":{\"@type\":\"ImageObject\",\"@id\":\"https:\/\/www.campanda.it\/magazine\/#personlogo\",\"inLanguage\":\"it-IT\",\"url\":\"https:\/\/secure.gravatar.com\/avatar\/708752608daea30dbeb76801e0dc469d?s=96&d=mm&r=g\",\"contentUrl\":\"https:\/\/secure.gravatar.com\/avatar\/708752608daea30dbeb76801e0dc469d?s=96&d=mm&r=g\",\"caption\":\"Redaktion\"},\"url\":\"https:\/\/www.campanda.it\/magazine\/author\/redaktion\/\"}]}<\/script>\n<!-- \/ Yoast SEO plugin. -->","_links":{"self":[{"href":"https:\/\/www.campanda.it\/magazine\/wp-json\/wp\/v2\/posts\/296"}],"collection":[{"href":"https:\/\/www.campanda.it\/magazine\/wp-json\/wp\/v2\/posts"}],"about":[{"href":"https:\/\/www.campanda.it\/magazine\/wp-json\/wp\/v2\/types\/post"}],"author":[{"embeddable":true,"href":"https:\/\/www.campanda.it\/magazine\/wp-json\/wp\/v2\/users\/12"}],"replies":[{"embeddable":true,"href":"https:\/\/www.campanda.it\/magazine\/wp-json\/wp\/v2\/comments?post=296"}],"version-history":[{"count":4,"href":"https:\/\/www.campanda.it\/magazine\/wp-json\/wp\/v2\/posts\/296\/revisions"}],"predecessor-version":[{"id":308,"href":"https:\/\/www.campanda.it\/magazine\/wp-json\/wp\/v2\/posts\/296\/revisions\/308"}],"wp:featuredmedia":[{"embeddable":true,"href":"https:\/\/www.campanda.it\/magazine\/wp-json\/wp\/v2\/media\/304"}],"wp:attachment":[{"href":"https:\/\/www.campanda.it\/magazine\/wp-json\/wp\/v2\/media?parent=296"}],"wp:term":[{"taxonomy":"category","embeddable":true,"href":"https:\/\/www.campanda.it\/magazine\/wp-json\/wp\/v2\/categories?post=296"},{"taxonomy":"post_tag","embeddable":true,"href":"https:\/\/www.campanda.it\/magazine\/wp-json\/wp\/v2\/tags?post=296"}],"curies":[{"name":"wp","href":"https:\/\/api.w.org\/{rel}","templated":true}]}}