
{"id":112,"date":"2017-12-01T10:19:10","date_gmt":"2017-12-01T10:19:10","guid":{"rendered":"http:\/\/www.campanda.it\/magazine\/?p=112"},"modified":"2017-12-01T10:20:28","modified_gmt":"2017-12-01T10:20:28","slug":"9-consigli-per-scattare-foto-da-sogno-al-vostro-veicolo","status":"publish","type":"post","link":"https:\/\/www.campanda.it\/magazine\/9-consigli-per-scattare-foto-da-sogno-al-vostro-veicolo\/","title":{"rendered":"9 consigli per scattare foto da sogno al vostro veicolo!"},"content":{"rendered":"<p>Il camper \u00e8 tirato a lucido, la fotocamera ha la batteria carica &#8211; all\u2019appello manca solo un\u2019idea per far risaltare al massimo il vostro veicolo in un singolo clic. In questa guida vi sveliamo 9 semplici trucchi per fotografare al meglio il vostro camper per l\u2019account di Campanda.<\/p>\r\n<h2>1. L\u2019illuminazione<\/h2>\r\n<p>Chi di foto in vacanza ne ha fatte un bel po\u2019, lo sa bene: l\u2019illuminazione prima di scattare \u00e8 fondamentale, bisogna per\u00f2 stare attenti a non abusarne! Mettere in risalto i punti forti del veicolo non \u00e8 difficile, basta per esempio evitare di scattare durante una mattina nebbiosa o quando il sole \u00e8 accecante.<\/p>\r\n\r\n<img class=\"size-full wp-image-113 aligncenter\" src=\"http:\/\/www.campanda.it\/magazine\/wp-content\/uploads\/2017\/12\/01-Wohnmobil-Lichtverhaeltnisse.jpg\" alt=\"Camper di notte \/ Camper con illuminazione ottimale \" width=\"1097\" height=\"380\" srcset=\"https:\/\/www.campanda.it\/magazine\/wp-content\/uploads\/2017\/12\/01-Wohnmobil-Lichtverhaeltnisse.jpg 1097w, https:\/\/www.campanda.it\/magazine\/wp-content\/uploads\/2017\/12\/01-Wohnmobil-Lichtverhaeltnisse-300x104.jpg 300w, https:\/\/www.campanda.it\/magazine\/wp-content\/uploads\/2017\/12\/01-Wohnmobil-Lichtverhaeltnisse-768x266.jpg 768w, https:\/\/www.campanda.it\/magazine\/wp-content\/uploads\/2017\/12\/01-Wohnmobil-Lichtverhaeltnisse-1024x355.jpg 1024w, https:\/\/www.campanda.it\/magazine\/wp-content\/uploads\/2017\/12\/01-Wohnmobil-Lichtverhaeltnisse-1000x346.jpg 1000w, https:\/\/www.campanda.it\/magazine\/wp-content\/uploads\/2017\/12\/01-Wohnmobil-Lichtverhaeltnisse-500x173.jpg 500w\" sizes=\"(max-width: 1097px) 100vw, 1097px\" \/><b><\/b>\r\n<h2>2. Il camper \u00e8 e rimane la star indiscussa<\/h2>\r\n<p>Si tratta di una questione di priorit\u00e0: se l\u2019intenzione fosse quella di affittare oltre al camper anche una casa con un bel giardino, sarebbe giusto far risaltare entrambi nella fotografia. Visto che non \u00e8 cos\u00ec, concentratevi sul VEICOLO e fotografatelo in modo che risalti al centro dell\u2019immagine. Cercate di scattare le foto dal lato dove il veicolo \u00e8 meglio esposto ai raggi del sole.<\/p>\r\n\r\n<img class=\"size-full wp-image-114 aligncenter\" src=\"http:\/\/www.campanda.it\/magazine\/wp-content\/uploads\/2017\/12\/02-Wohnmobil-Mittelpunkt.jpg\" alt=\"Camper in posizione laterale \/ Camper in primo piano\" width=\"1097\" height=\"380\" srcset=\"https:\/\/www.campanda.it\/magazine\/wp-content\/uploads\/2017\/12\/02-Wohnmobil-Mittelpunkt.jpg 1097w, https:\/\/www.campanda.it\/magazine\/wp-content\/uploads\/2017\/12\/02-Wohnmobil-Mittelpunkt-300x104.jpg 300w, https:\/\/www.campanda.it\/magazine\/wp-content\/uploads\/2017\/12\/02-Wohnmobil-Mittelpunkt-768x266.jpg 768w, https:\/\/www.campanda.it\/magazine\/wp-content\/uploads\/2017\/12\/02-Wohnmobil-Mittelpunkt-1024x355.jpg 1024w, https:\/\/www.campanda.it\/magazine\/wp-content\/uploads\/2017\/12\/02-Wohnmobil-Mittelpunkt-1000x346.jpg 1000w, https:\/\/www.campanda.it\/magazine\/wp-content\/uploads\/2017\/12\/02-Wohnmobil-Mittelpunkt-500x173.jpg 500w\" sizes=\"(max-width: 1097px) 100vw, 1097px\" \/>\r\n<h2>3. Mettetelo in posa!<\/h2>\r\n<p>Tutti abbiamo un lato migliore, anche i veicoli! Mostrate il veicolo dal suo lato migliore, quello che mette in mostra i dettagli clou ed evitate di scattare fotografie solo di fronte o solo di alcune parti del camper.<\/p>\r\n\r\n<img class=\"size-full wp-image-115 aligncenter\" src=\"http:\/\/www.campanda.it\/magazine\/wp-content\/uploads\/2017\/12\/03-Wohnmobil-in-Szene-gesetzt.jpg\" alt=\"Camper visto dal davanti \/ Camper visto di lato\" width=\"1097\" height=\"380\" srcset=\"https:\/\/www.campanda.it\/magazine\/wp-content\/uploads\/2017\/12\/03-Wohnmobil-in-Szene-gesetzt.jpg 1097w, https:\/\/www.campanda.it\/magazine\/wp-content\/uploads\/2017\/12\/03-Wohnmobil-in-Szene-gesetzt-300x104.jpg 300w, https:\/\/www.campanda.it\/magazine\/wp-content\/uploads\/2017\/12\/03-Wohnmobil-in-Szene-gesetzt-768x266.jpg 768w, https:\/\/www.campanda.it\/magazine\/wp-content\/uploads\/2017\/12\/03-Wohnmobil-in-Szene-gesetzt-1024x355.jpg 1024w, https:\/\/www.campanda.it\/magazine\/wp-content\/uploads\/2017\/12\/03-Wohnmobil-in-Szene-gesetzt-1000x346.jpg 1000w, https:\/\/www.campanda.it\/magazine\/wp-content\/uploads\/2017\/12\/03-Wohnmobil-in-Szene-gesetzt-500x173.jpg 500w\" sizes=\"(max-width: 1097px) 100vw, 1097px\" \/>\r\n\r\n<p>Il camper ha a disposizione anche un tendalino o un arredamento particolare? Quale occasione migliore se non durante un servizio fotografico per includerli nei vostri scatti? I prossimi passeggeri saranno ben contenti di poterli ammirare in tutta la lora bellezza. Questa foto pu\u00f2 diventare anche l\u2019immagine principale del vostro profilo.<\/p>\r\n\r\n<img class=\"size-full wp-image-116 aligncenter\" src=\"http:\/\/www.campanda.it\/magazine\/wp-content\/uploads\/2017\/12\/06-Wohnmobil-Markise.jpg\" alt=\"Camper con mobili \/ Camper con tendalino e mobili\" width=\"1097\" height=\"380\" srcset=\"https:\/\/www.campanda.it\/magazine\/wp-content\/uploads\/2017\/12\/06-Wohnmobil-Markise.jpg 1097w, https:\/\/www.campanda.it\/magazine\/wp-content\/uploads\/2017\/12\/06-Wohnmobil-Markise-300x104.jpg 300w, https:\/\/www.campanda.it\/magazine\/wp-content\/uploads\/2017\/12\/06-Wohnmobil-Markise-768x266.jpg 768w, https:\/\/www.campanda.it\/magazine\/wp-content\/uploads\/2017\/12\/06-Wohnmobil-Markise-1024x355.jpg 1024w, https:\/\/www.campanda.it\/magazine\/wp-content\/uploads\/2017\/12\/06-Wohnmobil-Markise-1000x346.jpg 1000w, https:\/\/www.campanda.it\/magazine\/wp-content\/uploads\/2017\/12\/06-Wohnmobil-Markise-500x173.jpg 500w\" sizes=\"(max-width: 1097px) 100vw, 1097px\" \/>\r\n<h2>4. Tirato a lucido<\/h2>\r\n<p>Strofinaccio e sapone e un po\u2019 di olio di gomito sono necessari per avere un risultato da urlo. La foto di un camper che ne ha viste di tutti i colori risulta poco attraente e soprattutto non fa risaltare i punti forti, quindi&#8230; strofinate finch\u00e9 non briller\u00e0 in ogni angolo!<\/p>\r\n\r\n<img class=\"size-full wp-image-117 aligncenter\" src=\"http:\/\/www.campanda.it\/magazine\/wp-content\/uploads\/2017\/12\/05-schmutzig-und-sauber.jpg\" alt=\"Camper sporco \/ Camper pulito\" width=\"1097\" height=\"380\" srcset=\"https:\/\/www.campanda.it\/magazine\/wp-content\/uploads\/2017\/12\/05-schmutzig-und-sauber.jpg 1097w, https:\/\/www.campanda.it\/magazine\/wp-content\/uploads\/2017\/12\/05-schmutzig-und-sauber-300x104.jpg 300w, https:\/\/www.campanda.it\/magazine\/wp-content\/uploads\/2017\/12\/05-schmutzig-und-sauber-768x266.jpg 768w, https:\/\/www.campanda.it\/magazine\/wp-content\/uploads\/2017\/12\/05-schmutzig-und-sauber-1024x355.jpg 1024w, https:\/\/www.campanda.it\/magazine\/wp-content\/uploads\/2017\/12\/05-schmutzig-und-sauber-1000x346.jpg 1000w, https:\/\/www.campanda.it\/magazine\/wp-content\/uploads\/2017\/12\/05-schmutzig-und-sauber-500x173.jpg 500w\" sizes=\"(max-width: 1097px) 100vw, 1097px\" \/>\r\n<h2>5. Le modifiche non sono davvero necessarie<\/h2>\r\n<p>Le vostre fotografie risulteranno al meglio con un solo effetto, quello naturale. Evitate di modificarle in modo pesante con Photoshop, posteggiate piuttosto il camper su un bel prato verde in una giornata di sole o su una spiaggia con il mare blu sullo sfondo.<\/p>\r\n\r\n<img class=\"size-full wp-image-118 aligncenter\" src=\"http:\/\/www.campanda.it\/magazine\/wp-content\/uploads\/2017\/12\/07-Photoshop-Wohnmobil.jpg\" alt=\"Camper su sfondo bianco \/ Campingbus in mezzo alla natura\" width=\"1097\" height=\"380\" srcset=\"https:\/\/www.campanda.it\/magazine\/wp-content\/uploads\/2017\/12\/07-Photoshop-Wohnmobil.jpg 1097w, https:\/\/www.campanda.it\/magazine\/wp-content\/uploads\/2017\/12\/07-Photoshop-Wohnmobil-300x104.jpg 300w, https:\/\/www.campanda.it\/magazine\/wp-content\/uploads\/2017\/12\/07-Photoshop-Wohnmobil-768x266.jpg 768w, https:\/\/www.campanda.it\/magazine\/wp-content\/uploads\/2017\/12\/07-Photoshop-Wohnmobil-1024x355.jpg 1024w, https:\/\/www.campanda.it\/magazine\/wp-content\/uploads\/2017\/12\/07-Photoshop-Wohnmobil-1000x346.jpg 1000w, https:\/\/www.campanda.it\/magazine\/wp-content\/uploads\/2017\/12\/07-Photoshop-Wohnmobil-500x173.jpg 500w\" sizes=\"(max-width: 1097px) 100vw, 1097px\" \/>\r\n<h2>6. La vera bellezza \u00e8 all\u2019interno<\/h2>\r\n<p>Trovare l\u2019illuminazione giusta per fotografare gli interni \u00e8 la vostra missione, ma prima sgombrate le superfici da oggetti superflui, rimuovete la spazzatura, sparecchiate la tavola dai piatti sporchi e date una pulita generale aiutandovi con l\u2019aspirapolvere.<\/p>\r\n\r\n<img class=\"size-full wp-image-119 aligncenter\" src=\"http:\/\/www.campanda.it\/magazine\/wp-content\/uploads\/2017\/12\/08-Wohnmobil-Interieur.jpg\" alt=\"\" width=\"1097\" height=\"380\" srcset=\"https:\/\/www.campanda.it\/magazine\/wp-content\/uploads\/2017\/12\/08-Wohnmobil-Interieur.jpg 1097w, https:\/\/www.campanda.it\/magazine\/wp-content\/uploads\/2017\/12\/08-Wohnmobil-Interieur-300x104.jpg 300w, https:\/\/www.campanda.it\/magazine\/wp-content\/uploads\/2017\/12\/08-Wohnmobil-Interieur-768x266.jpg 768w, https:\/\/www.campanda.it\/magazine\/wp-content\/uploads\/2017\/12\/08-Wohnmobil-Interieur-1024x355.jpg 1024w, https:\/\/www.campanda.it\/magazine\/wp-content\/uploads\/2017\/12\/08-Wohnmobil-Interieur-1000x346.jpg 1000w, https:\/\/www.campanda.it\/magazine\/wp-content\/uploads\/2017\/12\/08-Wohnmobil-Interieur-500x173.jpg 500w\" sizes=\"(max-width: 1097px) 100vw, 1097px\" \/>\r\n\r\n<p>Ora che siete pronti a scattare, ricordatevi che l\u2019illuminazione deve essere \u00a0sempre il vostro obiettivo principale!<\/p>\r\n\r\n<img class=\"size-full wp-image-120 aligncenter\" src=\"http:\/\/www.campanda.it\/magazine\/wp-content\/uploads\/2017\/12\/04-Wohnmobil-innen.jpg\" alt=\"Camper con cucina disordinata \/ Camper dagli interni semplici ma curati\" width=\"1097\" height=\"380\" srcset=\"https:\/\/www.campanda.it\/magazine\/wp-content\/uploads\/2017\/12\/04-Wohnmobil-innen.jpg 1097w, https:\/\/www.campanda.it\/magazine\/wp-content\/uploads\/2017\/12\/04-Wohnmobil-innen-300x104.jpg 300w, https:\/\/www.campanda.it\/magazine\/wp-content\/uploads\/2017\/12\/04-Wohnmobil-innen-768x266.jpg 768w, https:\/\/www.campanda.it\/magazine\/wp-content\/uploads\/2017\/12\/04-Wohnmobil-innen-1024x355.jpg 1024w, https:\/\/www.campanda.it\/magazine\/wp-content\/uploads\/2017\/12\/04-Wohnmobil-innen-1000x346.jpg 1000w, https:\/\/www.campanda.it\/magazine\/wp-content\/uploads\/2017\/12\/04-Wohnmobil-innen-500x173.jpg 500w\" sizes=\"(max-width: 1097px) 100vw, 1097px\" \/>\r\n<h2>7. Pronti a stupire con effetti speciali<\/h2>\r\n<p>Fate vedere ai prossimi viaggiatori tutto quello che il vostro camper pu\u00f2 offrire loro. Scattate immagini sia di giorno che di notte da diverse angolature, con la zona notte e la dinette ben ordinate.<\/p>\r\n\r\n<img class=\"size-full wp-image-121 aligncenter\" src=\"http:\/\/www.campanda.it\/magazine\/wp-content\/uploads\/2017\/12\/09-Wohnmobil-Bett.jpg\" alt=\"Passeggero che dorme in camper \/ Camper con zona notte ordinata \" width=\"1097\" height=\"380\" srcset=\"https:\/\/www.campanda.it\/magazine\/wp-content\/uploads\/2017\/12\/09-Wohnmobil-Bett.jpg 1097w, https:\/\/www.campanda.it\/magazine\/wp-content\/uploads\/2017\/12\/09-Wohnmobil-Bett-300x104.jpg 300w, https:\/\/www.campanda.it\/magazine\/wp-content\/uploads\/2017\/12\/09-Wohnmobil-Bett-768x266.jpg 768w, https:\/\/www.campanda.it\/magazine\/wp-content\/uploads\/2017\/12\/09-Wohnmobil-Bett-1024x355.jpg 1024w, https:\/\/www.campanda.it\/magazine\/wp-content\/uploads\/2017\/12\/09-Wohnmobil-Bett-1000x346.jpg 1000w, https:\/\/www.campanda.it\/magazine\/wp-content\/uploads\/2017\/12\/09-Wohnmobil-Bett-500x173.jpg 500w\" sizes=\"(max-width: 1097px) 100vw, 1097px\" \/>\r\n<p>Mettete in risalto l\u2019angolo cottura con i suoi accessori e il bagno: pi\u00f9 dettagliate saranno le fotografie, migliore sar\u00e0 l\u2019effetto finale e la percezione che ne avranno i futuri passeggeri.<\/p>\u00a0<img class=\"size-full wp-image-123 aligncenter\" src=\"http:\/\/www.campanda.it\/magazine\/wp-content\/uploads\/2017\/12\/10-Wohnmobil-Innenansichten.jpg\" alt=\"Bagno in un camper \/ Cucina in un camper\" width=\"1958\" height=\"1358\" srcset=\"https:\/\/www.campanda.it\/magazine\/wp-content\/uploads\/2017\/12\/10-Wohnmobil-Innenansichten.jpg 1958w, https:\/\/www.campanda.it\/magazine\/wp-content\/uploads\/2017\/12\/10-Wohnmobil-Innenansichten-300x208.jpg 300w, https:\/\/www.campanda.it\/magazine\/wp-content\/uploads\/2017\/12\/10-Wohnmobil-Innenansichten-768x533.jpg 768w, https:\/\/www.campanda.it\/magazine\/wp-content\/uploads\/2017\/12\/10-Wohnmobil-Innenansichten-1024x710.jpg 1024w, https:\/\/www.campanda.it\/magazine\/wp-content\/uploads\/2017\/12\/10-Wohnmobil-Innenansichten-1000x694.jpg 1000w, https:\/\/www.campanda.it\/magazine\/wp-content\/uploads\/2017\/12\/10-Wohnmobil-Innenansichten-500x347.jpg 500w, https:\/\/www.campanda.it\/magazine\/wp-content\/uploads\/2017\/12\/10-Wohnmobil-Innenansichten-1400x971.jpg 1400w\" sizes=\"(max-width: 1958px) 100vw, 1958px\" \/>\r\n<h2>8. La piantina non deve mai mancare<\/h2>\r\n<p>Ultimo tocco, ma non per questo meno importante, \u00e8 la piantina dell\u2019interno del camper da inserire nell\u2019album fotografico. Consigliamo anche in questo caso di includerne una per la versione giorno e una per la versione notte, in questo modo potrete evitare di dover rispondere a molte domande simili.<\/p>\r\n\r\n<img class=\"size-full wp-image-124 aligncenter\" src=\"http:\/\/www.campanda.it\/magazine\/wp-content\/uploads\/2017\/12\/11-Wohnmobil-Grundriss.jpg\" alt=\"Piantina poco professionale di un camper \/ Piantina professionale \" width=\"1097\" height=\"380\" srcset=\"https:\/\/www.campanda.it\/magazine\/wp-content\/uploads\/2017\/12\/11-Wohnmobil-Grundriss.jpg 1097w, https:\/\/www.campanda.it\/magazine\/wp-content\/uploads\/2017\/12\/11-Wohnmobil-Grundriss-300x104.jpg 300w, https:\/\/www.campanda.it\/magazine\/wp-content\/uploads\/2017\/12\/11-Wohnmobil-Grundriss-768x266.jpg 768w, https:\/\/www.campanda.it\/magazine\/wp-content\/uploads\/2017\/12\/11-Wohnmobil-Grundriss-1024x355.jpg 1024w, https:\/\/www.campanda.it\/magazine\/wp-content\/uploads\/2017\/12\/11-Wohnmobil-Grundriss-1000x346.jpg 1000w, https:\/\/www.campanda.it\/magazine\/wp-content\/uploads\/2017\/12\/11-Wohnmobil-Grundriss-500x173.jpg 500w\" sizes=\"(max-width: 1097px) 100vw, 1097px\" \/>\r\n<h2>9. Amate il vostro veicolo<\/h2>\r\n<p>Quando c\u2019\u00e8 da mettere in campo la vostra creativit\u00e0, dateci dentro!<\/p>\r\n\r\n<p>Prendetevi la cura e il tempo necessario per scattare al meglio le foto del vostro camper, fate delle prove e continuate a scattare fino a quando non sarete totalmente soddisfatti. Questo \u00e8 il segreto della vera professionalit\u00e0! Se poi proprio non \u00e8 il vostro punto di forza, chiedete aiuto ad un professionista. Ottenere immagini di buona qualit\u00e0 del vostro camper \u00e8 met\u00e0 del lavoro necessario a noleggiarlo!<\/p>\r\n\r\n<img class=\"size-full wp-image-125 aligncenter\" src=\"http:\/\/www.campanda.it\/magazine\/wp-content\/uploads\/2017\/12\/12-Wohnmobil-Berge.jpg\" alt=\"\" width=\"1200\" height=\"800\" srcset=\"https:\/\/www.campanda.it\/magazine\/wp-content\/uploads\/2017\/12\/12-Wohnmobil-Berge.jpg 1200w, https:\/\/www.campanda.it\/magazine\/wp-content\/uploads\/2017\/12\/12-Wohnmobil-Berge-300x200.jpg 300w, https:\/\/www.campanda.it\/magazine\/wp-content\/uploads\/2017\/12\/12-Wohnmobil-Berge-768x512.jpg 768w, https:\/\/www.campanda.it\/magazine\/wp-content\/uploads\/2017\/12\/12-Wohnmobil-Berge-1024x683.jpg 1024w, https:\/\/www.campanda.it\/magazine\/wp-content\/uploads\/2017\/12\/12-Wohnmobil-Berge-1000x667.jpg 1000w, https:\/\/www.campanda.it\/magazine\/wp-content\/uploads\/2017\/12\/12-Wohnmobil-Berge-500x334.jpg 500w\" sizes=\"(max-width: 1200px) 100vw, 1200px\" \/><div style=\"display: none;\"\n    class=\"kk-star-ratings kksr-valign-bottom kksr-align-right kksr-disabled\"\n    data-id=\"112\"\n    data-slug=\"\">\n    <div class=\"kksr-stars\">\n    <div class=\"kksr-stars-inactive\">\n            <div class=\"kksr-star\" data-star=\"1\">\n            <div class=\"kksr-icon\" style=\"width: px; height: px;\"><\/div>\n        <\/div>\n            <div class=\"kksr-star\" data-star=\"2\">\n            <div class=\"kksr-icon\" style=\"width: px; height: px;\"><\/div>\n        <\/div>\n            <div class=\"kksr-star\" data-star=\"3\">\n            <div class=\"kksr-icon\" style=\"width: px; height: px;\"><\/div>\n        <\/div>\n            <div class=\"kksr-star\" data-star=\"4\">\n            <div class=\"kksr-icon\" style=\"width: px; height: px;\"><\/div>\n        <\/div>\n            <div class=\"kksr-star\" data-star=\"5\">\n            <div class=\"kksr-icon\" style=\"width: px; height: px;\"><\/div>\n        <\/div>\n    <\/div>\n    <div class=\"kksr-stars-active\" style=\"width: 0px;\">\n            <div class=\"kksr-star\">\n            <div class=\"kksr-icon\" style=\"width: px; height: px;\"><\/div>\n        <\/div>\n            <div class=\"kksr-star\">\n            <div class=\"kksr-icon\" style=\"width: px; height: px;\"><\/div>\n        <\/div>\n            <div class=\"kksr-star\">\n            <div class=\"kksr-icon\" style=\"width: px; height: px;\"><\/div>\n        <\/div>\n            <div class=\"kksr-star\">\n            <div class=\"kksr-icon\" style=\"width: px; height: px;\"><\/div>\n        <\/div>\n            <div class=\"kksr-star\">\n            <div class=\"kksr-icon\" style=\"width: px; height: px;\"><\/div>\n        <\/div>\n    <\/div>\n<\/div>\n    <div class=\"kksr-legend\">\n            <span class=\"kksr-muted\"><\/span>\n    <\/div>\n<\/div>\n","protected":false},"excerpt":{"rendered":"<p>Il camper \u00e8 tirato a lucido, la fotocamera ha la batteria carica &#8211; all\u2019appello manca solo un\u2019idea per far risaltare al massimo il vostro veicolo in un singolo clic. In questa guida vi sveliamo 9 semplici trucchi per fotografare al meglio il vostro camper per l\u2019account di Campanda. 1. L\u2019illuminazione Chi di foto in vacanza&#8230; <span class=\"more\"><a class=\"more-link\" href=\"https:\/\/www.campanda.it\/magazine\/9-consigli-per-scattare-foto-da-sogno-al-vostro-veicolo\/\">Continue reading <span class=\"meta-nav\">&#8594;<\/span><\/a><\/span><\/p>\n","protected":false},"author":12,"featured_media":126,"comment_status":"open","ping_status":"open","sticky":false,"template":"","format":"standard","meta":[],"categories":[18],"tags":[28,27],"yoast_head":"<!-- This site is optimized with the Yoast SEO plugin v16.3 - https:\/\/yoast.com\/wordpress\/plugins\/seo\/ -->\n<meta name=\"description\" content=\"Scoprite come scattare fotografie semplicemente fantastiche per il vostro profilo di Campanda grazie a questi 9 semplici consigli.\" \/>\n<meta name=\"robots\" content=\"index, follow, max-snippet:-1, max-image-preview:large, max-video-preview:-1\" \/>\n<link rel=\"canonical\" href=\"https:\/\/www.campanda.it\/magazine\/9-consigli-per-scattare-foto-da-sogno-al-vostro-veicolo\/\" \/>\n<meta property=\"og:locale\" content=\"it_IT\" \/>\n<meta property=\"og:type\" content=\"article\" \/>\n<meta property=\"og:title\" content=\"9 consigli per scattare foto da sogno al vostro veicolo!\" \/>\n<meta property=\"og:description\" content=\"Scoprite come scattare fotografie semplicemente fantastiche per il vostro profilo di Campanda grazie a questi 9 semplici consigli.\" \/>\n<meta property=\"og:url\" content=\"https:\/\/www.campanda.it\/magazine\/9-consigli-per-scattare-foto-da-sogno-al-vostro-veicolo\/\" \/>\n<meta property=\"og:site_name\" content=\"Campanda Magazine\" \/>\n<meta property=\"article:published_time\" content=\"2017-12-01T10:19:10+00:00\" \/>\n<meta property=\"article:modified_time\" content=\"2017-12-01T10:20:28+00:00\" \/>\n<meta property=\"og:image\" content=\"http:\/\/www.campanda.it\/magazine\/wp-content\/uploads\/2017\/12\/00-Wohnmobil-Fotos.jpg\" \/>\n\t<meta property=\"og:image:width\" content=\"2979\" \/>\n\t<meta property=\"og:image:height\" content=\"1675\" \/>\n<meta name=\"twitter:card\" content=\"summary\" \/>\n<meta name=\"twitter:label1\" content=\"Est. reading time\">\n\t<meta name=\"twitter:data1\" content=\"3 minutes\">\n<script type=\"application\/ld+json\" class=\"yoast-schema-graph\">{\"@context\":\"https:\/\/schema.org\",\"@graph\":[{\"@type\":\"WebSite\",\"@id\":\"https:\/\/www.campanda.it\/magazine\/#website\",\"url\":\"https:\/\/www.campanda.it\/magazine\/\",\"name\":\"Campanda Magazine\",\"description\":\"Your destination for news about RVs, motorhomes, trailers and camping around the world\",\"potentialAction\":[{\"@type\":\"SearchAction\",\"target\":\"https:\/\/www.campanda.it\/magazine\/?s={search_term_string}\",\"query-input\":\"required name=search_term_string\"}],\"inLanguage\":\"it-IT\"},{\"@type\":\"ImageObject\",\"@id\":\"https:\/\/www.campanda.it\/magazine\/9-consigli-per-scattare-foto-da-sogno-al-vostro-veicolo\/#primaryimage\",\"inLanguage\":\"it-IT\",\"url\":\"https:\/\/www.campanda.it\/magazine\/wp-content\/uploads\/2017\/12\/00-Wohnmobil-Fotos.jpg\",\"contentUrl\":\"https:\/\/www.campanda.it\/magazine\/wp-content\/uploads\/2017\/12\/00-Wohnmobil-Fotos.jpg\",\"width\":2979,\"height\":1675},{\"@type\":\"WebPage\",\"@id\":\"https:\/\/www.campanda.it\/magazine\/9-consigli-per-scattare-foto-da-sogno-al-vostro-veicolo\/#webpage\",\"url\":\"https:\/\/www.campanda.it\/magazine\/9-consigli-per-scattare-foto-da-sogno-al-vostro-veicolo\/\",\"name\":\"9 consigli per scattare foto da sogno al vostro veicolo!\",\"isPartOf\":{\"@id\":\"https:\/\/www.campanda.it\/magazine\/#website\"},\"primaryImageOfPage\":{\"@id\":\"https:\/\/www.campanda.it\/magazine\/9-consigli-per-scattare-foto-da-sogno-al-vostro-veicolo\/#primaryimage\"},\"datePublished\":\"2017-12-01T10:19:10+00:00\",\"dateModified\":\"2017-12-01T10:20:28+00:00\",\"author\":{\"@id\":\"https:\/\/www.campanda.it\/magazine\/#\/schema\/person\/246148b20c58b8db8b35e581988f003e\"},\"description\":\"Scoprite come scattare fotografie semplicemente fantastiche per il vostro profilo di Campanda grazie a questi 9 semplici consigli.\",\"breadcrumb\":{\"@id\":\"https:\/\/www.campanda.it\/magazine\/9-consigli-per-scattare-foto-da-sogno-al-vostro-veicolo\/#breadcrumb\"},\"inLanguage\":\"it-IT\",\"potentialAction\":[{\"@type\":\"ReadAction\",\"target\":[\"https:\/\/www.campanda.it\/magazine\/9-consigli-per-scattare-foto-da-sogno-al-vostro-veicolo\/\"]}]},{\"@type\":\"BreadcrumbList\",\"@id\":\"https:\/\/www.campanda.it\/magazine\/9-consigli-per-scattare-foto-da-sogno-al-vostro-veicolo\/#breadcrumb\",\"itemListElement\":[{\"@type\":\"ListItem\",\"position\":1,\"item\":{\"@type\":\"WebPage\",\"@id\":\"https:\/\/www.campanda.it\/magazine\/\",\"url\":\"https:\/\/www.campanda.it\/magazine\/\",\"name\":\"Home\"}},{\"@type\":\"ListItem\",\"position\":2,\"item\":{\"@id\":\"https:\/\/www.campanda.it\/magazine\/9-consigli-per-scattare-foto-da-sogno-al-vostro-veicolo\/#webpage\"}}]},{\"@type\":\"Person\",\"@id\":\"https:\/\/www.campanda.it\/magazine\/#\/schema\/person\/246148b20c58b8db8b35e581988f003e\",\"name\":\"Redaktion\",\"image\":{\"@type\":\"ImageObject\",\"@id\":\"https:\/\/www.campanda.it\/magazine\/#personlogo\",\"inLanguage\":\"it-IT\",\"url\":\"https:\/\/secure.gravatar.com\/avatar\/708752608daea30dbeb76801e0dc469d?s=96&d=mm&r=g\",\"contentUrl\":\"https:\/\/secure.gravatar.com\/avatar\/708752608daea30dbeb76801e0dc469d?s=96&d=mm&r=g\",\"caption\":\"Redaktion\"},\"url\":\"https:\/\/www.campanda.it\/magazine\/author\/redaktion\/\"}]}<\/script>\n<!-- \/ Yoast SEO plugin. -->","_links":{"self":[{"href":"https:\/\/www.campanda.it\/magazine\/wp-json\/wp\/v2\/posts\/112"}],"collection":[{"href":"https:\/\/www.campanda.it\/magazine\/wp-json\/wp\/v2\/posts"}],"about":[{"href":"https:\/\/www.campanda.it\/magazine\/wp-json\/wp\/v2\/types\/post"}],"author":[{"embeddable":true,"href":"https:\/\/www.campanda.it\/magazine\/wp-json\/wp\/v2\/users\/12"}],"replies":[{"embeddable":true,"href":"https:\/\/www.campanda.it\/magazine\/wp-json\/wp\/v2\/comments?post=112"}],"version-history":[{"count":2,"href":"https:\/\/www.campanda.it\/magazine\/wp-json\/wp\/v2\/posts\/112\/revisions"}],"predecessor-version":[{"id":128,"href":"https:\/\/www.campanda.it\/magazine\/wp-json\/wp\/v2\/posts\/112\/revisions\/128"}],"wp:featuredmedia":[{"embeddable":true,"href":"https:\/\/www.campanda.it\/magazine\/wp-json\/wp\/v2\/media\/126"}],"wp:attachment":[{"href":"https:\/\/www.campanda.it\/magazine\/wp-json\/wp\/v2\/media?parent=112"}],"wp:term":[{"taxonomy":"category","embeddable":true,"href":"https:\/\/www.campanda.it\/magazine\/wp-json\/wp\/v2\/categories?post=112"},{"taxonomy":"post_tag","embeddable":true,"href":"https:\/\/www.campanda.it\/magazine\/wp-json\/wp\/v2\/tags?post=112"}],"curies":[{"name":"wp","href":"https:\/\/api.w.org\/{rel}","templated":true}]}}